{"id":106,"date":"2018-05-22T15:06:00","date_gmt":"2018-05-22T13:06:00","guid":{"rendered":"http:\/\/coeurdesante.fr\/?p=106"},"modified":"2018-05-22T15:06:00","modified_gmt":"2018-05-22T13:06:00","slug":"le-voyage-se-prepare","status":"publish","type":"post","link":"https:\/\/coeurdesante.fr\/?p=106","title":{"rendered":"Le voyage se pr\u00e9pare"},"content":{"rendered":"<p><span style=\"color: #ff0000;\">Notre p\u00e9riple au Laos prend forme et se concr\u00e9tise.<\/span><br \/>\nA ce jour nous avons r\u00e9colt\u00e9 500 euros environ, ce n&rsquo;est pas encore suffisant mais c&rsquo;est un d\u00e9but \ud83d\ude42<br \/>\nNous avons d\u00e9j\u00e0 r\u00e9cup\u00e9r\u00e9 des habits quelques jouets et peluches. Pour l&rsquo;instant nous sommes une \u00e9quipe compos\u00e9e de 8 personnes s\u00fbres de partir. Nous ne nous connaissons pas tous mais cela rend les choses encore plus excitantes.<br \/>\nLes dates de d\u00e9part seront \u00e0 priori du 29 septembre au 13 octobre 2018. Nous partirons certainement de Paris vers Bangkok, puis prendrons un bus de nuit jusqu&rsquo;\u00e0 Savannaketh. Cela nous permettra d&#8217;emporter 30 kg de bagages au lieu de 25kg.<br \/>\nUne fois \u00e0 Savannaketh un 4&#215;4 viendra du village de Ban Nateuil pour nous r\u00e9cup\u00e9rer.<br \/>\nLes vols seront r\u00e9serv\u00e9s pour ceux qui sont d\u00e9cid\u00e9s d&rsquo;ici au 5 mai 2018, il faudra compter entre 530 et 600 \u20ac aller \/retour.<br \/>\nMi-juillet je m&rsquo;occuperai aussi des visas pour les participants. A ceux que ce projet motive il faut vous d\u00e9cider !!!\u00a0 a tr\u00e8s bient\u00f4t<br \/>\n&nbsp;<br \/>\nClaudine<br \/>\n&nbsp;<\/p>\n","protected":false},"excerpt":{"rendered":"<p>Notre p\u00e9riple au Laos prend forme et se concr\u00e9tise. A ce jour nous avons r\u00e9colt\u00e9 500 euros environ, ce n&rsquo;est pas encore suffisant mais c&rsquo;est un d\u00e9but \ud83d\ude42 Nous avons d\u00e9j\u00e0 r\u00e9cup\u00e9r\u00e9 des habits quelques jouets et peluches. Pour l&rsquo;instant nous sommes une \u00e9quipe compos\u00e9e de 8 personnes s\u00fbres de partir. Nous ne nous connaissons &hellip; <\/p>\n<p class=\"link-more\"><a href=\"https:\/\/coeurdesante.fr\/?p=106\" class=\"more-link\">Continuer la lecture<span class=\"screen-reader-text\"> de &laquo;&nbsp;Le voyage se pr\u00e9pare&nbsp;&raquo;<\/span><\/a><\/p>\n","protected":false},"author":1,"featured_media":0,"comment_status":"open","ping_status":"open","sticky":false,"template":"","format":"standard","meta":{"footnotes":""},"categories":[10],"tags":[],"class_list":["post-106","post","type-post","status-publish","format-standard","hentry","category-projet-humanitaire-2018"],"_links":{"self":[{"href":"https:\/\/coeurdesante.fr\/index.php?rest_route=\/wp\/v2\/posts\/106","targetHints":{"allow":["GET"]}}],"collection":[{"href":"https:\/\/coeurdesante.fr\/index.php?rest_route=\/wp\/v2\/posts"}],"about":[{"href":"https:\/\/coeurdesante.fr\/index.php?rest_route=\/wp\/v2\/types\/post"}],"author":[{"embeddable":true,"href":"https:\/\/coeurdesante.fr\/index.php?rest_route=\/wp\/v2\/users\/1"}],"replies":[{"embeddable":true,"href":"https:\/\/coeurdesante.fr\/index.php?rest_route=%2Fwp%2Fv2%2Fcomments&post=106"}],"version-history":[{"count":0,"href":"https:\/\/coeurdesante.fr\/index.php?rest_route=\/wp\/v2\/posts\/106\/revisions"}],"wp:attachment":[{"href":"https:\/\/coeurdesante.fr\/index.php?rest_route=%2Fwp%2Fv2%2Fmedia&parent=106"}],"wp:term":[{"taxonomy":"category","embeddable":true,"href":"https:\/\/coeurdesante.fr\/index.php?rest_route=%2Fwp%2Fv2%2Fcategories&post=106"},{"taxonomy":"post_tag","embeddable":true,"href":"https:\/\/coeurdesante.fr\/index.php?rest_route=%2Fwp%2Fv2%2Ftags&post=106"}],"curies":[{"name":"wp","href":"https:\/\/api.w.org\/{rel}","templated":true}]}}