{"id":23,"date":"2018-04-24T14:45:35","date_gmt":"2018-04-24T12:45:35","guid":{"rendered":"http:\/\/coeurdesante.fr\/?p=23"},"modified":"2018-04-24T14:45:35","modified_gmt":"2018-04-24T12:45:35","slug":"laos","status":"publish","type":"post","link":"https:\/\/coeurdesante.fr\/?p=23","title":{"rendered":"Laos"},"content":{"rendered":"<p>&nbsp;<\/p>\n<p style=\"text-align: center;\"><span style=\"color: #ff0000;\"><strong>Rejoignez-nous dans notre engagement humanitaire 2018 au LAOS<\/strong><\/span><\/p>\n<p>Voici quelques temps que cela nous trotte dans la t\u00eate\u00a0!!!!<br \/>\n<img loading=\"lazy\" decoding=\"async\" class=\"alignnone\" src=\"https:\/\/c1.iggcdn.com\/indiegogo-media-prod-cld\/image\/upload\/c_fill,f_auto,h_440,w_704\/v1496664909\/rpgm3gyouorrhbjvnkqq.jpg\" alt=\"Un jardin d'enfants pour le village de Ban Sok\" width=\"325\" height=\"203\" \/>Nous parlons souvent de notre vie et nous refaisons le monde entres amis. Envie de partir, d&rsquo;explorer d&rsquo;autres pays, de faire des rencontres de gens de cultures et de milieux diff\u00e9rents, de servir une cause utile aux autres.<br \/>\nEn parler c&rsquo;est bien, mais le faire c&rsquo;est mieux. Nous avions envisag\u00e9 de mener ce projet en France, dans notre pays ou existe aussi des difficult\u00e9s et de la mis\u00e8re mais nous nous sommes tr\u00e8s vite aper\u00e7ues que c&rsquo;\u00e9tait extr\u00eamement difficile car tout est l\u00e9gif\u00e9r\u00e9. On ne peut pas tout \u00ab\u00a0donner\u00a0\u00bb m\u00eame si les personnes en ont besoin, pas n&rsquo;importe comment, pas aussi simplement, il faut remplir un tas de papiers, de dossiers, on ne sait pas si les dons vont aux personnes qui en en vraiment besoin etc&#8230;<br \/>\nFinalement l&rsquo;univers donnant toujours un coup de pour aux bonnes volont\u00e9s\u00a0j\u2019ai rencontr\u00e9 Be Phoutavong , et parfois une rencontre aussi lumineuse suffit \u00e0 vous embarquer dans une belle aventure.<br \/>\n<figure id=\"attachment_57\" aria-describedby=\"caption-attachment-57\" style=\"width: 225px\" class=\"wp-caption alignleft\"><img loading=\"lazy\" decoding=\"async\" class=\"size-medium wp-image-57\" src=\"http:\/\/coeurdesante.fr\/wp-content\/uploads\/2018\/04\/IMG_1994-225x300.jpg\" alt=\"\" width=\"225\" height=\"300\" \/><figcaption id=\"caption-attachment-57\" class=\"wp-caption-text\">Be &amp; Claudine<\/figcaption><\/figure><br \/>\nA 65 ans cette Laotienne, p\u00e9tillante d\u2019intelligence et d\u2019humanit\u00e9, mobilise son \u00e9nergie pour son village d\u2019origine. Elle l\u2019a quitt\u00e9 \u00e0 l\u2019\u00e2ge de 5 ans pour aller \u00e0 l\u2019\u00e9cole, puis c\u2019est le Laos qu\u2019elle quittera en 1975 apr\u00e8s avoir d\u00e9croch\u00e9 une bourse pour suivre des \u00e9tudes de journalisme en France. Le contexte politique de cette \u00e9poque transformera son pays et elle ne pourra y retourner pendant 19 ans. Quand elle retrouvera ses parents et son village, c\u2019est la pauvret\u00e9, la d\u00e9solation et le manque de moyens qui y r\u00e8gnent.<br \/>\nElle mobilise les habitants et son r\u00e9seau en France pour reconstruire la vie, les rires et le partage.<br \/>\nCette ann\u00e9e nous participons au financement et \u00e0 la reconstruction d\u2019une garderie. L&rsquo;ancien b\u00e2timent rong\u00e9 par les termites tombe en ruine et est devenu dangereux pour les 37 enfants et leurs deux institutrices. L&rsquo;ambition est de le reconstruite avec des murs en briques et des toits en t\u00f4le.<br \/>\nNous partirons les 15 premiers jours du mois d\u2019octobre 2018, pour y apporter des finances, notre force de travail et notre bonne volont\u00e9 en collaboration avec les habitants du village. Notre point de chute sera le village de Ban\u00a0 Na Teuil (situ\u00e9\u00a0 au kilom\u00e8tre 15 depuis Savannakhet. Il y a pr\u00e8s de 300 maisons pour 1735 habitants, dont 955 femmes), le chantier de reconstruction sera \u00e0 Ban Sok\u00a0 (environ 40 km de Savannakhet.)<br \/>\nNous serons log\u00e9s et nourri chez \u00ab\u00a0tata Be\u00a0\u00bb,\u00a0 \u00a0dans des conditions de confort simples et typiques. (10\u20ac\/jour\/personne)<br \/>\nDans ce monde ou chacun se replie sur soi de peur de perdre ce qu\u2019il a durement acquis, il nous semble n\u00e9cessaire de remettre\u00a0 l\u2019humain et\u00a0 la solidarit\u00e9 au premier plan. De prendre part concr\u00e8tement et physiquement pour une cause plus grande qui \u00ab\u00a0nourrisse\u00a0\u00bb notre int\u00e9riorit\u00e9 et donne du SENS \u00e0 notre action.<br \/>\nIl y a ceux qui pourront partir 15 jours avec nous, si ils le souhaitent (prenez contact avec moi cl@natureacoeur.fr) et il y a ceux qui pourront participer et soutenir le projet depuis la France.<br \/>\nNous aurons besoin\u00a0:<\/p>\n<ul>\n<li>De trouver 15 000 \u20ac en financement participatif. Vous pouvez directement faire un don sur le site de l&rsquo;association<br \/>\n<a href=\"https:\/\/www.alsace-laos.org\/nos-r%C3%A9alisations-1\/\">\u00a0https:\/\/www.alsace-laos.org\/nos-r%C3%A9alisations-1\/<\/a><br \/>\nou envoyer un ch\u00e8que, chacun \u00e0 sa mesure peut donner un petit quelque chose. Vos dons\u00a0 \u00a0pourront, \u00e0 votre demande, donner lieu \u00e0 un re\u00e7u pour d\u00e9duction fiscale.<\/li>\n<li>De v\u00eatements d\u2019\u00e9t\u00e9 pour des enfants de<strong> 3 \u00e0 6 ans<\/strong>.<\/li>\n<li>De crayons de couleurs, de feutres et petits mat\u00e9riel de bricolage pour les enfants.<\/li>\n<li>De jouets (pas trop volumineux, il faut les emporter\u00a0!!!)<\/li>\n<\/ul>\n<p>&nbsp;<br \/>\n<figure style=\"width: 640px\" class=\"wp-caption alignnone\"><img loading=\"lazy\" decoding=\"async\" src=\"https:\/\/www.actualitix.com\/wp-content\/uploads\/2017\/08\/carte-politique-laos.jpg\" alt=\"\" width=\"640\" height=\"646\" \/><figcaption class=\"wp-caption-text\">carte du Laos<\/figcaption><\/figure><\/p>\n<div id=\"cc-m-7879985614\" class=\"j-module n j-header \">\n<h3 id=\"cc-m-header-7879985614\" class=\"\"><strong>Quelques infos<\/strong><\/h3>\n<\/div>\n<div id=\"cc-m-7879986114\" class=\"j-module n j-text \">\nReligion officielle :\u00a0bouddhisme (85 % de la population) animisme (15 %) R\u00e9gime politique :\u00a0r\u00e9publique \u00e0 l\u2019id\u00e9ologie marxiste depuis 1975<br \/>\nCapitale :\u00a0Vientiane<br \/>\nMonnaie :\u00a0le kip, 1 \u20acuro = env. 10 000 kips en 2010<br \/>\nLangues :\u00a0laotien (officielle), fran\u00e7ais, anglais et diverses langues \u00e9thniques<br \/>\nAlphab\u00e9tisation :\u00a068 % de la population<br \/>\nClimat :\u00a0tropical<br \/>\nPas d&rsquo;obligation vaccinale\n<\/div>\n<p>Vous pourrez suivre l\u2019avanc\u00e9e du projet, savoir ce que nous aurons r\u00e9colt\u00e9, avoir les d\u00e9tails de pr\u00e9paration pour ceux qui souhaitent faire le d\u00e9placement nous poser des questions et vous inscrire dans cette dynamique positive si vous le souhaitez.<br \/>\nAu plaisir de vous \u00ab\u00a0rencontrer\u00a0\u00bb dans un contexte diff\u00e9rent et solidaire.<br \/>\n&nbsp;<\/p>\n","protected":false},"excerpt":{"rendered":"<p>&nbsp; Rejoignez-nous dans notre engagement humanitaire 2018 au LAOS Voici quelques temps que cela nous trotte dans la t\u00eate\u00a0!!!! Nous parlons souvent de notre vie et nous refaisons le monde entres amis. Envie de partir, d&rsquo;explorer d&rsquo;autres pays, de faire des rencontres de gens de cultures et de milieux diff\u00e9rents, de servir une cause utile &hellip; <\/p>\n<p class=\"link-more\"><a href=\"https:\/\/coeurdesante.fr\/?p=23\" class=\"more-link\">Continuer la lecture<span class=\"screen-reader-text\"> de &laquo;&nbsp;Laos&nbsp;&raquo;<\/span><\/a><\/p>\n","protected":false},"author":1,"featured_media":0,"comment_status":"open","ping_status":"open","sticky":false,"template":"","format":"standard","meta":{"footnotes":""},"categories":[10],"tags":[],"class_list":["post-23","post","type-post","status-publish","format-standard","hentry","category-projet-humanitaire-2018"],"_links":{"self":[{"href":"https:\/\/coeurdesante.fr\/index.php?rest_route=\/wp\/v2\/posts\/23","targetHints":{"allow":["GET"]}}],"collection":[{"href":"https:\/\/coeurdesante.fr\/index.php?rest_route=\/wp\/v2\/posts"}],"about":[{"href":"https:\/\/coeurdesante.fr\/index.php?rest_route=\/wp\/v2\/types\/post"}],"author":[{"embeddable":true,"href":"https:\/\/coeurdesante.fr\/index.php?rest_route=\/wp\/v2\/users\/1"}],"replies":[{"embeddable":true,"href":"https:\/\/coeurdesante.fr\/index.php?rest_route=%2Fwp%2Fv2%2Fcomments&post=23"}],"version-history":[{"count":0,"href":"https:\/\/coeurdesante.fr\/index.php?rest_route=\/wp\/v2\/posts\/23\/revisions"}],"wp:attachment":[{"href":"https:\/\/coeurdesante.fr\/index.php?rest_route=%2Fwp%2Fv2%2Fmedia&parent=23"}],"wp:term":[{"taxonomy":"category","embeddable":true,"href":"https:\/\/coeurdesante.fr\/index.php?rest_route=%2Fwp%2Fv2%2Fcategories&post=23"},{"taxonomy":"post_tag","embeddable":true,"href":"https:\/\/coeurdesante.fr\/index.php?rest_route=%2Fwp%2Fv2%2Ftags&post=23"}],"curies":[{"name":"wp","href":"https:\/\/api.w.org\/{rel}","templated":true}]}}