{"id":36,"date":"2018-04-24T15:02:50","date_gmt":"2018-04-24T13:02:50","guid":{"rendered":"http:\/\/coeurdesante.fr\/?p=36"},"modified":"2018-04-24T15:02:50","modified_gmt":"2018-04-24T13:02:50","slug":"pollen-alergisant","status":"publish","type":"post","link":"https:\/\/coeurdesante.fr\/?p=36","title":{"rendered":"Pollens &#038; Allergies"},"content":{"rendered":"<h1 style=\"text-align: center;\"><span style=\"color: #008000;\">L&rsquo;allergie aux pollens<\/span><\/h1>\n<p>L&rsquo;allergie aux pollens\u00a0est en pleine expansion, plus de 25% des fran\u00e7ais sont atteints de<strong>\u00a0<\/strong>pollinose\u00a0appel\u00e9e couramment \u00ab<strong>\u00a0<\/strong>rhume des foins\u00bb. Toutes les tranches d&rsquo;\u00e2ge sont touch\u00e9es, mais on note une pr\u00e9dominance chez l&rsquo;adolescent et le jeune adulte, il n\u2019y a pas de limite d\u2019\u00e2ge pour d\u00e9velopper\u00a0une allergie aux pollens.<br \/>\nLa pollinose\u00a0est une allergie provoqu\u00e9e par les pollens des arbres, arbustes et plantes qui sont en suspension dans l&rsquo;air qui pr\u00e9sentent de nombreux\u00a0<a href=\"https:\/\/www.natureacoeur.fr\/les-allergies\">sympt\u00f4mes allergiques<\/a>.<br \/>\nElle est plus fr\u00e9quente \u00e0 certaines p\u00e9riodes de l&rsquo;ann\u00e9e, notamment au printemps lors de la floraison.\u00a0Pour provoquer une r\u00e9action allergique,\u00a0les <img loading=\"lazy\" decoding=\"async\" class=\"size-full wp-image-74 alignright\" src=\"http:\/\/coeurdesante.fr\/wp-content\/uploads\/2018\/04\/73061.jpg\" alt=\"\" width=\"243\" height=\"152\" \/>pollens\u00a0doivent \u00eatre pr\u00e9sents en grande quantit\u00e9, \u00eatre de petite taille pour \u00eatre transport\u00e9s par le vent ou les insectes et avoir un fort pouvoir allergisant. Ils peuvent ainsi parcourir des dizaines, voire des centaines de kilom\u00e8tres.<br \/>\nLes diff\u00e9rents\u00a0pollens\u00a0se succ\u00e8dent dans l&rsquo;atmosph\u00e8re de Janvier \u00e0 Octobre.<\/p>\n<h2 style=\"text-align: center;\"><span style=\"color: #008000;\">\u00a0Les<\/span>\u00a0principaux pollens allerg\u00e8nes et leur saisonnalit\u00e9<\/h2>\n<p style=\"text-align: left;\">Il existe 3 principaux types de\u00a0pollens allergisants\u00a0:<\/p>\n<ul>\n<li><span style=\"color: #008000;\">Les pollens d&rsquo;arbre\u00a0:<\/span>\n<ul>\n<li><img loading=\"lazy\" decoding=\"async\" class=\"wp-image-77 alignright\" src=\"http:\/\/coeurdesante.fr\/wp-content\/uploads\/2018\/04\/images-1.jpg\" alt=\"\" width=\"178\" height=\"133\" \/>Les pollens d&rsquo;arbre les plus souvent allergisants, proviennent des cypr\u00e8s, thuyas, bouleaux, aulnes, noisetiers, ch\u00eanes, ch\u00e2taigniers, peupliers, saules, platanes, fr\u00eanes, oliviers.<\/li>\n<li>Suivant les r\u00e9gions et le climat, la pollinisation de ces arbres peut aller du mois de janvier au mois d&rsquo;avril\/mai.<\/li>\n<\/ul>\n<\/li>\n<li><span style=\"color: #008000;\">Les pollens de gramin\u00e9es\u00a0:<\/span>\n<ul>\n<li>Les gramin\u00e9es allergisantes sont toutes les gramin\u00e9es fourrag\u00e8res mais \u00e9galement le bl\u00e9, l&rsquo;orge, l&rsquo;avoine et le seigle. La p\u00e9riode de pollinisation des <img loading=\"lazy\" decoding=\"async\" class=\"size-full wp-image-75 alignright\" src=\"http:\/\/coeurdesante.fr\/wp-content\/uploads\/2018\/04\/176721.jpg\" alt=\"\" width=\"243\" height=\"152\" \/>gramin\u00e9es dure d&rsquo;avril\/mai \u00e0 juin\/juillet.<\/li>\n<li>L&rsquo;allergie aux gramin\u00e9es est couramment appel\u00e9e \u00ab\u00a0le rhume des foins\u00a0\u00bb.<\/li>\n<\/ul>\n<\/li>\n<li><span style=\"color: #008000;\">Les pollens des herbac\u00e9es\u00a0:<\/span>\n<ul>\n<li>Les pollens des herbac\u00e9es proviennent des herbes vivaces et s\u00e9vissent \u00e0 partir<\/li>\n<li>d&rsquo;ao\u00fbt jusqu&rsquo;en octobre.<\/li>\n<\/ul>\n<\/li>\n<\/ul>\n<h2 style=\"text-align: center;\"><span style=\"color: #008000;\">\u00a0Influence de la pollution et des variations climatiques<br \/>\n<\/span><span style=\"color: #008000;\"><br \/>\nLes conditions climatiques et les allergies<\/span><\/h2>\n<p>L&rsquo;intensit\u00e9 de la pollinisation est variable suivant la m\u00e9t\u00e9orologie et la r\u00e9gion. Les conditions climatiques sont d\u00e9terminantes:<\/p>\n<ul>\n<li>La chaleur et l&rsquo;humidit\u00e9 augmentent les concentrations de pollens.<\/li>\n<li>Le froid, la s\u00e9cheresse, ou des pluies importantes les diminuent.<\/li>\n<li>L&rsquo;ensoleillement et le vent permet la diss\u00e9mination des pollens<span style=\"color: #008000;\">La pollution et les allergies<\/span><\/li>\n<\/ul>\n<p>Le d\u00e9veloppement des\u00a0rhinites polliniques\u00a0constat\u00e9 depuis 30 ans est concomitant \u00e0 la progression constante de la pollution chimique a\u00e9rienne.<br \/>\nLa pollution urbaine amplifie la toxicit\u00e9 des pollens car elle fragilise l\u2019enveloppe naturelle des grains de pollens et facilite ainsi la sortie des prot\u00e9ines allergisantes.<br \/>\n<img loading=\"lazy\" decoding=\"async\" class=\"size-full wp-image-78 aligncenter\" src=\"http:\/\/coeurdesante.fr\/wp-content\/uploads\/2018\/04\/images-2.jpg\" alt=\"\" width=\"275\" height=\"183\" \/>Les polluants sont \u00e9galement des facteurs irritants qui provoquent une augmentation de l&rsquo;hyper r\u00e9activit\u00e9 bronchique, nasale ou\u00a0oculaire.<br \/>\n<span style=\"color: #008000;\">R\u00e9chauffement climatique<br \/>\n<\/span><br \/>\nLe r\u00e9chauffement climatique constat\u00e9 ces derni\u00e8res ann\u00e9es favorise des saisons polliniques plus pr\u00e9coces, plus intenses et plus longues&#8230;<\/p>\n<h3><span style=\"color: #008000;\">Allergies crois\u00e9es pollens et aliments<\/span><\/h3>\n<p>Dans certains cas les personnes allergiques aux pollens peuvent pr\u00e9senter des allergies crois\u00e9esentre les aliments et les pollens.<br \/>\n<span style=\"color: #008000;\">\u00a0Sympt\u00f4mes de l&rsquo;allergie au pollen\u00a0?<\/span><br \/>\nLes sympt\u00f4mes de l\u2019allergie au pollen sont caract\u00e9ristiques\u00a0; d\u00e8s que la <img loading=\"lazy\" decoding=\"async\" class=\"size-full wp-image-81 alignright\" src=\"http:\/\/coeurdesante.fr\/wp-content\/uploads\/2018\/04\/images-3.jpg\" alt=\"\" width=\"183\" height=\"275\" \/>personne est en contact avec l&rsquo;allerg\u00e8ne, elle \u00e9ternue, pleure,\u00a0 son nez coule ou est bouch\u00e9 et elle pr\u00e9sente des d\u00e9mangeaisons\u00a0 au niveau des yeux et du nez. L&rsquo;allergie au pollen s&rsquo;accompagne<br \/>\nsouvent d&rsquo;une grande fatigue du fait de sa chronicit\u00e9 et des\u00a0 difficult\u00e9s pour dormir (nez bouch\u00e9, \u00e9ternuements incoercibles&#8230;).<\/p>\n<h2 style=\"text-align: center;\"><span style=\"color: #008000;\">Mieux vivre avec les pollens<\/span><\/h2>\n<p>Des mesures simples peuvent aider les allergiques aux pollens \u00e0 mieux supporter leurs allergies.<\/p>\n<ul>\n<li>Rincer les\u00a0cheveux\u00a0le soir avant de se coucher afin d&rsquo;\u00e9viter aux pollens accumul\u00e9s tout au long de la journ\u00e9e de se d\u00e9poser sur l&rsquo;oreiller et de provoquer des r\u00e9actions allergiques<\/li>\n<li>Porter des\u00a0lunettes de soleil et un chapeau<\/li>\n<li>Ne pas se frotter les yeux<\/li>\n<li>Eviter de tondre la pelouse<\/li>\n<li>A\u00e9rer la chambre t\u00f4t le matin<\/li>\n<li>Eviter de fumer car le\u00a0tabac\u00a0aggrave les r\u00e9actions allergiques<\/li>\n<li>Eviter la piscine car le chlore agresse les muqueuses du nez et des yeux<\/li>\n<li>Ne pas s\u00e9cher le linge \u00e0 l&rsquo;ext\u00e9rieur<\/li>\n<li>Porter un masque lors du jardinage<\/li>\n<li>Rouler fen\u00eatres ferm\u00e9es en voiture<\/li>\n<li>Investir dans un purificateur d\u2019air<\/li>\n<li>Il est conseill\u00e9 aux \u00e9tudiants allergiques aux pollens de consulter leur m\u00e9decin avant de passer les examens, car les pics de pollens surviennent en g\u00e9n\u00e9ral pendant cette p\u00e9riode.<\/li>\n<li>En vacances : pr\u00e9f\u00e9rer le bord de mer car la concentration en pollens est plus faible<\/li>\n<\/ul>\n<h2 style=\"text-align: center;\">\u00a0 <span style=\"color: #008000;\">Les traitements contre les allergies aux pollens<\/span><\/h2>\n<p>Les antihistaminiques limite les sympt\u00f4mes de l&rsquo;allergie au pollen, notamment la rhinite et la conjonctivite allergiques. La\u00a0d\u00e9sensibilisation qui consiste \u00e0 exposer l\u2019organisme \u00e0 de faibles quantit\u00e9s d\u2019allerg\u00e8nes, permet de diminuer les crises d\u2019allergie, voire de les faire disparaitre. L&rsquo;allergologue d\u00e9termine au pr\u00e9alable \u00e0 quels pollens la personne est allergique gr\u00e2ce notamment \u00e0 des tests cutan\u00e9s.<br \/>\n&nbsp;<br \/>\n&nbsp;<\/p>\n","protected":false},"excerpt":{"rendered":"<p>L&rsquo;allergie aux pollens L&rsquo;allergie aux pollens\u00a0est en pleine expansion, plus de 25% des fran\u00e7ais sont atteints de\u00a0pollinose\u00a0appel\u00e9e couramment \u00ab\u00a0rhume des foins\u00bb. Toutes les tranches d&rsquo;\u00e2ge sont touch\u00e9es, mais on note une pr\u00e9dominance chez l&rsquo;adolescent et le jeune adulte, il n\u2019y a pas de limite d\u2019\u00e2ge pour d\u00e9velopper\u00a0une allergie aux pollens. La pollinose\u00a0est une allergie provoqu\u00e9e &hellip; <\/p>\n<p class=\"link-more\"><a href=\"https:\/\/coeurdesante.fr\/?p=36\" class=\"more-link\">Continuer la lecture<span class=\"screen-reader-text\"> de &laquo;&nbsp;Pollens &#038; Allergies&nbsp;&raquo;<\/span><\/a><\/p>\n","protected":false},"author":1,"featured_media":0,"comment_status":"open","ping_status":"open","sticky":false,"template":"","format":"standard","meta":{"footnotes":""},"categories":[8,9],"tags":[],"class_list":["post-36","post","type-post","status-publish","format-standard","hentry","category-environnement","category-pollen"],"_links":{"self":[{"href":"https:\/\/coeurdesante.fr\/index.php?rest_route=\/wp\/v2\/posts\/36","targetHints":{"allow":["GET"]}}],"collection":[{"href":"https:\/\/coeurdesante.fr\/index.php?rest_route=\/wp\/v2\/posts"}],"about":[{"href":"https:\/\/coeurdesante.fr\/index.php?rest_route=\/wp\/v2\/types\/post"}],"author":[{"embeddable":true,"href":"https:\/\/coeurdesante.fr\/index.php?rest_route=\/wp\/v2\/users\/1"}],"replies":[{"embeddable":true,"href":"https:\/\/coeurdesante.fr\/index.php?rest_route=%2Fwp%2Fv2%2Fcomments&post=36"}],"version-history":[{"count":0,"href":"https:\/\/coeurdesante.fr\/index.php?rest_route=\/wp\/v2\/posts\/36\/revisions"}],"wp:attachment":[{"href":"https:\/\/coeurdesante.fr\/index.php?rest_route=%2Fwp%2Fv2%2Fmedia&parent=36"}],"wp:term":[{"taxonomy":"category","embeddable":true,"href":"https:\/\/coeurdesante.fr\/index.php?rest_route=%2Fwp%2Fv2%2Fcategories&post=36"},{"taxonomy":"post_tag","embeddable":true,"href":"https:\/\/coeurdesante.fr\/index.php?rest_route=%2Fwp%2Fv2%2Ftags&post=36"}],"curies":[{"name":"wp","href":"https:\/\/api.w.org\/{rel}","templated":true}]}}